{"id":1271,"date":"2015-03-20T13:32:30","date_gmt":"2015-03-20T12:32:30","guid":{"rendered":"http:\/\/www.schremmer.de\/Blog\/?p=1271"},"modified":"2015-03-20T15:27:12","modified_gmt":"2015-03-20T14:27:12","slug":"sonnenfinsternis-20-3-2015","status":"publish","type":"post","link":"https:\/\/www.schremmer.de\/Blog\/?p=1271","title":{"rendered":"Sonnenfinsternis 20.3.2015"},"content":{"rendered":"<p>Heute, zu Fr\u00fchlingsanfang fand in Deutschland eine partielle Sonnenfinsternis statt. Um die Totalit\u00e4t zu sehen musste man auf die F\u00e4r\u00f6er Inseln oder nach Svalbard (Spitzbergen) reisen. In Niederkr\u00fcchten wurde die Sonne zu 78,7% vom Mond bedeckt \u2013 leider auch zu fast 100% von den Wolken. Einige Fotos sind dennoch entstanden.<\/p>\n<p><a href=\"https:\/\/www.schremmer.de\/Blog\/wp-content\/uploads\/2015\/03\/SoFi2015_Canon_2015-03-20-10.35.38.jpg\"><img loading=\"lazy\" decoding=\"async\" title=\"SoFi2015_Canon_2015-03-20 10.35.38\" style=\"border-top: 0px; border-right: 0px; background-image: none; border-bottom: 0px; float: left; padding-top: 0px; padding-left: 0px; border-left: 0px; display: inline; padding-right: 0px\" border=\"0\" alt=\"SoFi2015_Canon_2015-03-20 10.35.38\" src=\"https:\/\/www.schremmer.de\/Blog\/wp-content\/uploads\/2015\/03\/SoFi2015_Canon_2015-03-20-10.35.38_thumb.jpg\" width=\"227\" align=\"left\" height=\"180\" \/><\/a><a href=\"https:\/\/www.schremmer.de\/Blog\/wp-content\/uploads\/2015\/03\/SoFi2015-35_Canon.jpg\"><img loading=\"lazy\" decoding=\"async\" title=\"SoFi2015-35_Canon\" style=\"border-top: 0px; border-right: 0px; background-image: none; border-bottom: 0px; padding-top: 0px; padding-left: 0px; border-left: 0px; display: inline; padding-right: 0px\" border=\"0\" alt=\"SoFi2015-35_Canon\" src=\"https:\/\/www.schremmer.de\/Blog\/wp-content\/uploads\/2015\/03\/SoFi2015-35_Canon_thumb.jpg\" width=\"209\" height=\"244\" \/><\/a><\/p>\n<p>Sonnensichel auf dem Display der DSLR und am Himmel (rechtes Bild).<\/p>\n<p><a href=\"https:\/\/www.schremmer.de\/Blog\/wp-content\/uploads\/2015\/03\/SoFi2015-7632_1364x.jpg\"><img loading=\"lazy\" decoding=\"async\" title=\"SoFi2015-7632_1364x\" style=\"border-top: 0px; border-right: 0px; background-image: none; border-bottom: 0px; padding-top: 0px; padding-left: 0px; border-left: 0px; display: inline; padding-right: 0px\" border=\"0\" alt=\"SoFi2015-7632_1364x\" src=\"https:\/\/www.schremmer.de\/Blog\/wp-content\/uploads\/2015\/03\/SoFi2015-7632_1364x_thumb.jpg\" width=\"442\" height=\"442\" \/><\/a><\/p>\n<p>Sonnensichel um 10:35 MEZ; Aufnahme mit 800mm Brennweite durch eine Wolkenl\u00fccke. Wegen des Hochnebels war kein Sonnenfilter notwendig.<\/p>\n<div id=\"scid:5737277B-5D6D-4f48-ABFC-DD9C333F4C5D:dba100ac-d1d3-4679-99c1-cc8af866fc72\" class=\"wlWriterEditableSmartContent\" style=\"float: none; padding-bottom: 0px; padding-top: 0px; padding-left: 0px; margin: 0px; display: inline; padding-right: 0px\">\n<div><object width=\"448\" height=\"252\"><param name=\"movie\" value=\"http:\/\/www.youtube.com\/v\/RvcIgwEchGQ?hl=en&amp;hd=1\"><\/param><embed src=\"http:\/\/www.youtube.com\/v\/RvcIgwEchGQ?hl=en&amp;hd=1\" type=\"application\/x-shockwave-flash\" width=\"448\" height=\"252\"><\/embed><\/object><\/div>\n<div style=\"width:448px;clear:both;font-size:.8em\">Kleines Video mit O-Ton.<\/div>\n<\/div>\n<p><a href=\"https:\/\/www.schremmer.de\/Blog\/wp-content\/uploads\/2015\/03\/SoFi2015_Note3_14x80Bino_2015-03-20-10.40.40-1.jpg\"><img loading=\"lazy\" decoding=\"async\" title=\"SoFi2015_Note3_14x80Bino_2015-03-20 10.40.40-1\" style=\"border-top: 0px; border-right: 0px; background-image: none; border-bottom: 0px; float: left; padding-top: 0px; padding-left: 0px; border-left: 0px; display: inline; padding-right: 0px\" border=\"0\" alt=\"SoFi2015_Note3_14x80Bino_2015-03-20 10.40.40-1\" src=\"https:\/\/www.schremmer.de\/Blog\/wp-content\/uploads\/2015\/03\/SoFi2015_Note3_14x80Bino_2015-03-20-10.40.40-1_thumb.jpg\" width=\"225\" align=\"left\" height=\"244\" \/><\/a><\/p>\n<p>Auch mit dem Smartphone war eine Aufnahme durch das 14&#215;80 Bino m\u00f6glich.<\/p>\n<p>&#160;<\/p>\n<p>&#160;<\/p>\n<p>&#160;<\/p>\n<p>&#160;<\/p>\n<p>&#160;<\/p>\n<p><a href=\"https:\/\/www.schremmer.de\/Blog\/wp-content\/uploads\/2015\/03\/2015-03-20-11.13.43-1_1000x.jpg\"><img loading=\"lazy\" decoding=\"async\" title=\"2015-03-20 11.13.43-1_1000x\" style=\"border-top: 0px; border-right: 0px; background-image: none; border-bottom: 0px; float: left; padding-top: 0px; padding-left: 0px; border-left: 0px; display: inline; padding-right: 0px\" border=\"0\" alt=\"2015-03-20 11.13.43-1_1000x\" src=\"https:\/\/www.schremmer.de\/Blog\/wp-content\/uploads\/2015\/03\/2015-03-20-11.13.43-1_1000x_thumb.jpg\" width=\"289\" align=\"left\" height=\"162\" \/><\/a>Vorteil bei Beobachtung aus dem Garten: Es gibt Kaffee.<\/p>\n<p><a href=\"https:\/\/www.schremmer.de\/Blog\/wp-content\/uploads\/2015\/03\/SoFi2015_Garten.jpg\"><img loading=\"lazy\" decoding=\"async\" title=\"SoFi2015_Garten\" style=\"border-top: 0px; border-right: 0px; background-image: none; border-bottom: 0px; padding-top: 0px; padding-left: 0px; border-left: 0px; display: inline; padding-right: 0px\" border=\"0\" alt=\"SoFi2015_Garten\" src=\"https:\/\/www.schremmer.de\/Blog\/wp-content\/uploads\/2015\/03\/SoFi2015_Garten_thumb.jpg\" width=\"291\" height=\"165\" \/><\/a><\/p>\n<p>Ein wenig Forschung l\u00e4sst sich auch noch betreiben. Das Sky Quality Meter an der AllSky-Kamera habe ich mit Graufiltern versehen, damit es auch am Tag Messwerte liefert. Normalerweise ist es f\u00fcr Messungen des Nachthimmels gedacht und daher am Tag zu empfindlich. Durch die Modifikation mit den Graufiltern konnte jedoch auch bei dem tr\u00fcben Wetter gemessen werden.<\/p>\n<p><a href=\"https:\/\/www.schremmer.de\/Blog\/wp-content\/uploads\/2015\/03\/SoFi2015_SQM-Werte_2.png\"><img loading=\"lazy\" decoding=\"async\" title=\"SoFi2015_SQM-Werte_2\" style=\"border-top: 0px; border-right: 0px; background-image: none; border-bottom: 0px; padding-top: 0px; padding-left: 0px; border-left: 0px; display: inline; padding-right: 0px\" border=\"0\" alt=\"SoFi2015_SQM-Werte_2\" src=\"https:\/\/www.schremmer.de\/Blog\/wp-content\/uploads\/2015\/03\/SoFi2015_SQM-Werte_2_thumb.png\" width=\"450\" height=\"277\" \/><\/a><\/p>\n<p>Das Ergebnis zeigt einen deutlichen Abfall der Helligkeit bei etwa 10:36Uhr MEZ, was in der N\u00e4he der gr\u00f6\u00dften Bedeckungsphase (10:37:07 MEZ f\u00fcr Niederkr\u00fcchten) liegt.<\/p>\n","protected":false},"excerpt":{"rendered":"<p>Heute, zu Fr\u00fchlingsanfang fand in Deutschland eine partielle Sonnenfinsternis statt. Um die Totalit\u00e4t zu sehen musste man auf die F\u00e4r\u00f6er Inseln oder nach Svalbard (Spitzbergen) reisen. In Niederkr\u00fcchten wurde die Sonne zu 78,7% vom Mond bedeckt \u2013 leider auch zu fast 100% von den Wolken. Einige Fotos sind dennoch entstanden. Sonnensichel auf dem Display der [&hellip;]<\/p>\n","protected":false},"author":1,"featured_media":0,"comment_status":"closed","ping_status":"closed","sticky":false,"template":"","format":"standard","meta":{"footnotes":""},"categories":[3,11],"tags":[],"class_list":["post-1271","post","type-post","status-publish","format-standard","hentry","category-astronomie","category-fotografie"],"_links":{"self":[{"href":"https:\/\/www.schremmer.de\/Blog\/index.php?rest_route=\/wp\/v2\/posts\/1271","targetHints":{"allow":["GET"]}}],"collection":[{"href":"https:\/\/www.schremmer.de\/Blog\/index.php?rest_route=\/wp\/v2\/posts"}],"about":[{"href":"https:\/\/www.schremmer.de\/Blog\/index.php?rest_route=\/wp\/v2\/types\/post"}],"author":[{"embeddable":true,"href":"https:\/\/www.schremmer.de\/Blog\/index.php?rest_route=\/wp\/v2\/users\/1"}],"replies":[{"embeddable":true,"href":"https:\/\/www.schremmer.de\/Blog\/index.php?rest_route=%2Fwp%2Fv2%2Fcomments&post=1271"}],"version-history":[{"count":5,"href":"https:\/\/www.schremmer.de\/Blog\/index.php?rest_route=\/wp\/v2\/posts\/1271\/revisions"}],"predecessor-version":[{"id":1280,"href":"https:\/\/www.schremmer.de\/Blog\/index.php?rest_route=\/wp\/v2\/posts\/1271\/revisions\/1280"}],"wp:attachment":[{"href":"https:\/\/www.schremmer.de\/Blog\/index.php?rest_route=%2Fwp%2Fv2%2Fmedia&parent=1271"}],"wp:term":[{"taxonomy":"category","embeddable":true,"href":"https:\/\/www.schremmer.de\/Blog\/index.php?rest_route=%2Fwp%2Fv2%2Fcategories&post=1271"},{"taxonomy":"post_tag","embeddable":true,"href":"https:\/\/www.schremmer.de\/Blog\/index.php?rest_route=%2Fwp%2Fv2%2Ftags&post=1271"}],"curies":[{"name":"wp","href":"https:\/\/api.w.org\/{rel}","templated":true}]}}