{"id":4814,"date":"2025-02-22T09:02:53","date_gmt":"2025-02-22T08:02:53","guid":{"rendered":"https:\/\/www.schremmer.de\/Blog\/?p=4814"},"modified":"2025-02-23T18:24:07","modified_gmt":"2025-02-23T17:24:07","slug":"zweite-stufe-einer-falcon-9-rakete-verglueht-ueber-deutschland","status":"publish","type":"post","link":"https:\/\/www.schremmer.de\/Blog\/?p=4814","title":{"rendered":"Zweite Stufe einer Falcon 9 Rakete vergl\u00fcht \u00fcber Deutschland"},"content":{"rendered":"\n<p>Am 19.02.2025 um 04:44 MEZ vergl\u00fchte eine Falcon 9 Stufe \u00fcber Deutschland. Das wurde auch von meinen Kameras aufgezeichnet.<\/p>\n\n\n\n<p><\/p>\n\n\n<div class=\"wp-block-image\">\n<figure class=\"aligncenter size-full\"><a href=\"https:\/\/www.schremmer.de\/Blog\/wp-content\/uploads\/2025\/02\/250219-SpaceX.gif\"><img loading=\"lazy\" decoding=\"async\" width=\"384\" height=\"288\" src=\"https:\/\/www.schremmer.de\/Blog\/wp-content\/uploads\/2025\/02\/250219-SpaceX.gif\" alt=\"\" class=\"wp-image-4815\"\/><\/a><\/figure>\n<\/div>\n\n\n<p>Die Meteorkamera, die eigentlich zu lichtempfindlich f\u00fcr das Ereignis war zeichnete den \u00dcberflug nahe am Horizont auf.<\/p>\n\n\n\n<figure class=\"wp-block-image size-large\"><a href=\"https:\/\/www.schremmer.de\/Blog\/wp-content\/uploads\/2025\/02\/2025-02-19_04.44.59_0722.png\"><img loading=\"lazy\" decoding=\"async\" width=\"1024\" height=\"576\" src=\"https:\/\/www.schremmer.de\/Blog\/wp-content\/uploads\/2025\/02\/2025-02-19_04.44.59_0722-1024x576.png\" alt=\"\" class=\"wp-image-4816\" srcset=\"https:\/\/www.schremmer.de\/Blog\/wp-content\/uploads\/2025\/02\/2025-02-19_04.44.59_0722-1024x576.png 1024w, https:\/\/www.schremmer.de\/Blog\/wp-content\/uploads\/2025\/02\/2025-02-19_04.44.59_0722-300x169.png 300w, https:\/\/www.schremmer.de\/Blog\/wp-content\/uploads\/2025\/02\/2025-02-19_04.44.59_0722-768x432.png 768w, https:\/\/www.schremmer.de\/Blog\/wp-content\/uploads\/2025\/02\/2025-02-19_04.44.59_0722-1536x864.png 1536w, https:\/\/www.schremmer.de\/Blog\/wp-content\/uploads\/2025\/02\/2025-02-19_04.44.59_0722.png 1920w\" sizes=\"auto, (max-width: 1024px) 100vw, 1024px\" \/><\/a><\/figure>\n\n\n\n<figure class=\"wp-block-image size-large\"><a href=\"https:\/\/www.schremmer.de\/Blog\/wp-content\/uploads\/2025\/02\/2025-02-19_04.45.29_0892.png\"><img loading=\"lazy\" decoding=\"async\" width=\"1024\" height=\"576\" src=\"https:\/\/www.schremmer.de\/Blog\/wp-content\/uploads\/2025\/02\/2025-02-19_04.45.29_0892-1024x576.png\" alt=\"\" class=\"wp-image-4817\" srcset=\"https:\/\/www.schremmer.de\/Blog\/wp-content\/uploads\/2025\/02\/2025-02-19_04.45.29_0892-1024x576.png 1024w, https:\/\/www.schremmer.de\/Blog\/wp-content\/uploads\/2025\/02\/2025-02-19_04.45.29_0892-300x169.png 300w, https:\/\/www.schremmer.de\/Blog\/wp-content\/uploads\/2025\/02\/2025-02-19_04.45.29_0892-768x432.png 768w, https:\/\/www.schremmer.de\/Blog\/wp-content\/uploads\/2025\/02\/2025-02-19_04.45.29_0892-1536x864.png 1536w, https:\/\/www.schremmer.de\/Blog\/wp-content\/uploads\/2025\/02\/2025-02-19_04.45.29_0892.png 1920w\" sizes=\"auto, (max-width: 1024px) 100vw, 1024px\" \/><\/a><\/figure>\n\n\n\n<p>Die Allsky-Kamera belichtet 30 Sekunden lang. Hier ist das Ereignis als Strichspur auf zwei Aufnahmen zu sehen.<\/p>\n\n\n\n<p>Das Event wurde auch von vielen Personen direkt beobachtet. <a href=\"https:\/\/fireballs.imo.net\/members\/imo_view\/event\/2025\/1019\">Hier <\/a>die Meldung auf der IMO-Seite.<\/p>\n\n\n\n<p>Zusammenfassung auf <a href=\"https:\/\/skyweek.wordpress.com\/2025\/02\/16\/allgemeines-live-blog-ab-dem-16-februar-2025\/\">SkyWeek<\/a>.<\/p>\n\n\n\n<p>Und <a href=\"https:\/\/youtu.be\/KD3OSt6BQsM?feature=shared\">hier<\/a> ein tolles Video de AllSky7 Netzwerks.<\/p>\n\n\n\n<p><\/p>\n","protected":false},"excerpt":{"rendered":"<p>Am 19.02.2025 um 04:44 MEZ vergl\u00fchte eine Falcon 9 Stufe \u00fcber Deutschland. Das wurde auch von meinen Kameras aufgezeichnet. Die Meteorkamera, die eigentlich zu lichtempfindlich f\u00fcr das Ereignis war zeichnete den \u00dcberflug nahe am Horizont auf. Die Allsky-Kamera belichtet 30 Sekunden lang. Hier ist das Ereignis als Strichspur auf zwei Aufnahmen zu sehen. Das Event [&hellip;]<\/p>\n","protected":false},"author":1,"featured_media":0,"comment_status":"closed","ping_status":"closed","sticky":false,"template":"","format":"standard","meta":{"footnotes":""},"categories":[55,11,29,56],"tags":[],"class_list":["post-4814","post","type-post","status-publish","format-standard","hentry","category-allskykamera","category-fotografie","category-meteore","category-raumfahrt"],"_links":{"self":[{"href":"https:\/\/www.schremmer.de\/Blog\/index.php?rest_route=\/wp\/v2\/posts\/4814","targetHints":{"allow":["GET"]}}],"collection":[{"href":"https:\/\/www.schremmer.de\/Blog\/index.php?rest_route=\/wp\/v2\/posts"}],"about":[{"href":"https:\/\/www.schremmer.de\/Blog\/index.php?rest_route=\/wp\/v2\/types\/post"}],"author":[{"embeddable":true,"href":"https:\/\/www.schremmer.de\/Blog\/index.php?rest_route=\/wp\/v2\/users\/1"}],"replies":[{"embeddable":true,"href":"https:\/\/www.schremmer.de\/Blog\/index.php?rest_route=%2Fwp%2Fv2%2Fcomments&post=4814"}],"version-history":[{"count":2,"href":"https:\/\/www.schremmer.de\/Blog\/index.php?rest_route=\/wp\/v2\/posts\/4814\/revisions"}],"predecessor-version":[{"id":4819,"href":"https:\/\/www.schremmer.de\/Blog\/index.php?rest_route=\/wp\/v2\/posts\/4814\/revisions\/4819"}],"wp:attachment":[{"href":"https:\/\/www.schremmer.de\/Blog\/index.php?rest_route=%2Fwp%2Fv2%2Fmedia&parent=4814"}],"wp:term":[{"taxonomy":"category","embeddable":true,"href":"https:\/\/www.schremmer.de\/Blog\/index.php?rest_route=%2Fwp%2Fv2%2Fcategories&post=4814"},{"taxonomy":"post_tag","embeddable":true,"href":"https:\/\/www.schremmer.de\/Blog\/index.php?rest_route=%2Fwp%2Fv2%2Ftags&post=4814"}],"curies":[{"name":"wp","href":"https:\/\/api.w.org\/{rel}","templated":true}]}}